{"id":11814,"date":"2022-04-19T16:58:33","date_gmt":"2022-04-19T21:58:33","guid":{"rendered":"https:\/\/colcamilodaza.edu.co\/web\/?p=11814"},"modified":"2023-08-16T23:48:38","modified_gmt":"2023-08-17T04:48:38","slug":"proyecto-educativo-institucional-pei","status":"publish","type":"post","link":"https:\/\/colcamilodaza.edu.co\/web\/proyecto-educativo-institucional-pei\/","title":{"rendered":"Proyecto Educativo Institucional (PEI)"},"content":{"rendered":"<p class=\"p1\">El punto fundamental de la renovaci\u00f3n educativa consiste en la manera de enfocar el proceso de ense\u00f1anza-aprendizaje no solo desde el concepto te\u00f3rico del estudiante, sino desde la realidad del mundo familiar, comunitario y social que lo rodea: educar al estudiante es orientarlo para que sea el protagonista de su propio aprendizaje, logrando las competencias b\u00e1sicas: aprender a aprender, hacer y ser.<span class=\"Apple-converted-space\">\u00a0<\/span><\/p>\n<p class=\"p1\">El objetivo final es hacer de Colombia una gran Comunidad Educativa, donde todos nos comprometemos con la formaci\u00f3n de un ciudadano m\u00e1s participativo en lo social, m\u00e1s tolerante en lo pol\u00edtico, m\u00e1s productivo en lo econ\u00f3mico, m\u00e1s identificado con su cultura guiado por valores de trascendencia, m\u00e1s humano y solidario frente a los derechos de la comunidad.<span class=\"Apple-converted-space\">\u00a0<\/span><\/p>\n<p class=\"p1\">Por lo anterior, el PEI debe integrar la participaci\u00f3n de todos los agentes comunitarios, educativos y empresariales, p\u00fablicos y privados, a fin de que la acci\u00f3n educativa sea inclusiva y pertinente, y funcione como eje adecuado de los procesos de crecimiento del alumno, de su comunidad y del Pa\u00eds.<span class=\"Apple-converted-space\">\u00a0<\/span><\/p>\n<p>A continuaci\u00f3n, haga clic sobre el nombre del archivo para descargarlo.<\/p>\n","protected":false},"excerpt":{"rendered":"<p>El punto fundamental de la renovaci\u00f3n educativa consiste en la manera de enfocar el proceso de ense\u00f1anza-aprendizaje no solo desde el concepto te\u00f3rico del estudiante, sino desde la realidad del mundo familiar, comunitario y social que lo rodea: educar al &hellip; <\/p>\n","protected":false},"author":1,"featured_media":11729,"comment_status":"closed","ping_status":"closed","sticky":false,"template":"","format":"standard","meta":{"footnotes":""},"categories":[3477,3467],"tags":[],"class_list":["post-11814","post","type-post","status-publish","format-standard","has-post-thumbnail","hentry","category-descargas","category-noticias"],"_links":{"self":[{"href":"https:\/\/colcamilodaza.edu.co\/web\/wp-json\/wp\/v2\/posts\/11814","targetHints":{"allow":["GET"]}}],"collection":[{"href":"https:\/\/colcamilodaza.edu.co\/web\/wp-json\/wp\/v2\/posts"}],"about":[{"href":"https:\/\/colcamilodaza.edu.co\/web\/wp-json\/wp\/v2\/types\/post"}],"author":[{"embeddable":true,"href":"https:\/\/colcamilodaza.edu.co\/web\/wp-json\/wp\/v2\/users\/1"}],"replies":[{"embeddable":true,"href":"https:\/\/colcamilodaza.edu.co\/web\/wp-json\/wp\/v2\/comments?post=11814"}],"version-history":[{"count":1,"href":"https:\/\/colcamilodaza.edu.co\/web\/wp-json\/wp\/v2\/posts\/11814\/revisions"}],"predecessor-version":[{"id":11816,"href":"https:\/\/colcamilodaza.edu.co\/web\/wp-json\/wp\/v2\/posts\/11814\/revisions\/11816"}],"wp:featuredmedia":[{"embeddable":true,"href":"https:\/\/colcamilodaza.edu.co\/web\/wp-json\/wp\/v2\/media\/11729"}],"wp:attachment":[{"href":"https:\/\/colcamilodaza.edu.co\/web\/wp-json\/wp\/v2\/media?parent=11814"}],"wp:term":[{"taxonomy":"category","embeddable":true,"href":"https:\/\/colcamilodaza.edu.co\/web\/wp-json\/wp\/v2\/categories?post=11814"},{"taxonomy":"post_tag","embeddable":true,"href":"https:\/\/colcamilodaza.edu.co\/web\/wp-json\/wp\/v2\/tags?post=11814"}],"curies":[{"name":"wp","href":"https:\/\/api.w.org\/{rel}","templated":true}]}}